{"id":99,"date":"2022-09-22T10:03:00","date_gmt":"2022-09-22T08:03:00","guid":{"rendered":"http:\/\/author"},"modified":"2022-10-31T13:01:26","modified_gmt":"2022-10-31T12:01:26","slug":"7-mednarodna-konferenca-o-razvoju-industrijskega-inzeniringa-priloznosti-potenciali-in-izzivi","status":"publish","type":"post","link":"https:\/\/lokalnesnovnezanke.novikrog.si\/en\/7-mednarodna-konferenca-o-razvoju-industrijskega-inzeniringa-priloznosti-potenciali-in-izzivi\/","title":{"rendered":"7. mednarodna\u00a0konferenca\u00a0o razvoju industrijskega in\u017eeniringa:\u00a0PRILO\u017dNOSTI, POTENCIALI IN IZZIVI"},"content":{"rendered":"<p><strong>24. in 25. november 2022, Terme \u0160marje\u0161ke Toplice<\/strong><br><br>Konferenca&nbsp;uveljavlja prakso sodelovanja med gospodarstvom, raziskovalnimi in izobra\u017eevalnimi organizacijami. Osnovni cilj konference je zagotavljanje razvojnih tendenc z dejanskimi potrebami po kadrih v tehnolo\u0161kih in industrijskih panogah. Zaradi novih potreb trga dela, gospodarskega razvoja in konkuren\u010dnosti podjetij se organizacije soo\u010dajo z izzivi, ki se jim danes ni mogo\u010de izogniti.<\/p>\n\n\n\n<p>V okviru tematskih sklopov se konference udele\u017eujejo strokovnjaki iz Slovenije in tujine, iz gospodarstva, univerz oziroma visoko\u0161olskih zavodov, in\u0161titutov ter druga strokovna javnost.<\/p>\n\n\n\n<p>V prepri\u010danju, da se bomo skupaj soo\u010dili s prilo\u017enostmi, potenciali in izzivi sodobne industrije ter trajnostnega gospodarstva, vas vljudno vabimo na 7. mednarodno konferenco o razvoju industrijskega in\u017eeniringa, ki bo letos prvi\u010d potekala v idili\u010dnih Termah \u0160marje\u0161ke Toplice.<\/p>\n\n\n\n<p>Prvi dan konference, 24. novembra 2022, bo namenjen \u0161irjenju novih praks s podro\u010dja zelenega kro\u017enega gospodarstva. Drugi dan, 25. novembra 2022, bomo posvetili trajnostnemu vidiku industrijskega in\u017eeniringa.<\/p>\n\n\n\n<p>Prijave potekajo preko&nbsp;<a href=\"https:\/\/docs.google.com\/forms\/d\/e\/1FAIpQLScwBTT1LOKg7tc4oOiaTR6Ub2wwQEXJrRYatoDQ5hCpt-RLzg\/viewform\" target=\"_blank\" rel=\"noreferrer noopener\">spletnega obrazca<\/a>. Informacije in navodila za pripravo povzetka so dostopne na&nbsp;<a href=\"http:\/\/www.fini-unm.si\/mednarodna-konferenca\/prijava\/\" target=\"_blank\" rel=\"noreferrer noopener\">spletni strani<\/a>&nbsp;konference.<\/p>\n\n\n\n<p><strong>Rok za oddajo prispevka je do 15.9.2022<\/strong>!<\/p>\n\n\n\n<p>Vljudno vabljeni!<br><br>mag. Iris Fink Gruba\u010devi\u0107, dekanja<br>Fakulteta za industrijski in\u017eeniring Novo mesto<\/p>","protected":false},"excerpt":{"rendered":"<p>24. in 25. november 2022, Terme \u0160marje\u0161ke Toplice Konferenca&nbsp;uveljavlja prakso sodelovanja med gospodarstvom, raziskovalnimi in izobra\u017eevalnimi organizacijami. Osnovni cilj konference je zagotavljanje razvojnih tendenc z dejanskimi potrebami po kadrih v tehnolo\u0161kih in industrijskih panogah. Zaradi novih potreb trga dela, gospodarskega razvoja in konkuren\u010dnosti podjetij se organizacije soo\u010dajo z izzivi, ki se jim danes ni mogo\u010de [&hellip;]<\/p>","protected":false},"author":1,"featured_media":2052,"comment_status":"open","ping_status":"open","sticky":false,"template":"","format":"standard","meta":{"footnotes":""},"categories":[1],"tags":[],"class_list":["post-99","post","type-post","status-publish","format-standard","has-post-thumbnail","hentry","category-novice-slo"],"uagb_featured_image_src":{"full":["https:\/\/lokalnesnovnezanke.novikrog.si\/wp-content\/uploads\/7-mednarodna-konferenca.webp",768,402,false],"thumbnail":["https:\/\/lokalnesnovnezanke.novikrog.si\/wp-content\/uploads\/7-mednarodna-konferenca-150x150.webp",150,150,true],"medium":["https:\/\/lokalnesnovnezanke.novikrog.si\/wp-content\/uploads\/7-mednarodna-konferenca-300x157.webp",300,157,true],"medium_large":["https:\/\/lokalnesnovnezanke.novikrog.si\/wp-content\/uploads\/7-mednarodna-konferenca.webp",768,402,false],"large":["https:\/\/lokalnesnovnezanke.novikrog.si\/wp-content\/uploads\/7-mednarodna-konferenca.webp",768,402,false],"1536x1536":["https:\/\/lokalnesnovnezanke.novikrog.si\/wp-content\/uploads\/7-mednarodna-konferenca.webp",768,402,false],"2048x2048":["https:\/\/lokalnesnovnezanke.novikrog.si\/wp-content\/uploads\/7-mednarodna-konferenca.webp",768,402,false],"trp-custom-language-flag":["https:\/\/lokalnesnovnezanke.novikrog.si\/wp-content\/uploads\/7-mednarodna-konferenca-18x9.webp",18,9,true]},"uagb_author_info":{"display_name":"bizon","author_link":"https:\/\/lokalnesnovnezanke.novikrog.si\/en\/author\/bizon\/"},"uagb_comment_info":0,"uagb_excerpt":"24. in 25. november 2022, Terme \u0160marje\u0161ke Toplice Konferenca&nbsp;uveljavlja prakso sodelovanja med gospodarstvom, raziskovalnimi in izobra\u017eevalnimi organizacijami. Osnovni cilj konference je zagotavljanje razvojnih tendenc z dejanskimi potrebami po kadrih v tehnolo\u0161kih in industrijskih panogah. Zaradi novih potreb trga dela, gospodarskega razvoja in konkuren\u010dnosti podjetij se organizacije soo\u010dajo z izzivi, ki se jim danes ni mogo\u010de&hellip;","_links":{"self":[{"href":"https:\/\/lokalnesnovnezanke.novikrog.si\/en\/wp-json\/wp\/v2\/posts\/99","targetHints":{"allow":["GET"]}}],"collection":[{"href":"https:\/\/lokalnesnovnezanke.novikrog.si\/en\/wp-json\/wp\/v2\/posts"}],"about":[{"href":"https:\/\/lokalnesnovnezanke.novikrog.si\/en\/wp-json\/wp\/v2\/types\/post"}],"author":[{"embeddable":true,"href":"https:\/\/lokalnesnovnezanke.novikrog.si\/en\/wp-json\/wp\/v2\/users\/1"}],"replies":[{"embeddable":true,"href":"https:\/\/lokalnesnovnezanke.novikrog.si\/en\/wp-json\/wp\/v2\/comments?post=99"}],"version-history":[{"count":1,"href":"https:\/\/lokalnesnovnezanke.novikrog.si\/en\/wp-json\/wp\/v2\/posts\/99\/revisions"}],"predecessor-version":[{"id":2057,"href":"https:\/\/lokalnesnovnezanke.novikrog.si\/en\/wp-json\/wp\/v2\/posts\/99\/revisions\/2057"}],"wp:featuredmedia":[{"embeddable":true,"href":"https:\/\/lokalnesnovnezanke.novikrog.si\/en\/wp-json\/wp\/v2\/media\/2052"}],"wp:attachment":[{"href":"https:\/\/lokalnesnovnezanke.novikrog.si\/en\/wp-json\/wp\/v2\/media?parent=99"}],"wp:term":[{"taxonomy":"category","embeddable":true,"href":"https:\/\/lokalnesnovnezanke.novikrog.si\/en\/wp-json\/wp\/v2\/categories?post=99"},{"taxonomy":"post_tag","embeddable":true,"href":"https:\/\/lokalnesnovnezanke.novikrog.si\/en\/wp-json\/wp\/v2\/tags?post=99"}],"curies":[{"name":"wp","href":"https:\/\/api.w.org\/{rel}","templated":true}]}}